{"id":4406,"date":"2026-03-13T13:45:12","date_gmt":"2026-03-13T12:45:12","guid":{"rendered":"https:\/\/nks.hr\/?p=4406"},"modified":"2026-03-13T13:45:40","modified_gmt":"2026-03-13T12:45:40","slug":"odrzan-16-sastanak-upravnog-odbora-ecc-a-i-ncc-dan-europskog-strucnog-centra-za-kiberneticku-sigurnost-eccc","status":"publish","type":"post","link":"https:\/\/nks.hr\/en\/odrzan-16-sastanak-upravnog-odbora-ecc-a-i-ncc-dan-europskog-strucnog-centra-za-kiberneticku-sigurnost-eccc\/","title":{"rendered":"Odr\u017ean 16. sastanak Upravnog odbora ECC-a i NCC dan Europskog stru\u010dnog centra za kiberneti\u010dku sigurnost (ECCC)"},"content":{"rendered":"<p>U Bukure\u0161tu je 9. i 10. o\u017eujka 2026. odr\u017ean 16. sastanak Upravnog odbora Europskog stru\u010dnog centra za kiberneti\u010dku sigurnost (ECCC), na kojem su sudjelovali predstavnici dr\u017eava \u010dlanica Europske unije i Europske komisije.<\/p>\n\n\n\n<p>U radu sastanka sudjelovalo je i izaslanstvo Hrvatske akademske i istra\u017eiva\u010dke mre\u017ee \u2013 CARNET, u okviru Nacionalnog koordinacijskog sredi\u0161ta za industriju, tehnologiju i istra\u017eivanja u podru\u010dju kiberneti\u010dke sigurnosti (NKS), koje su \u010dinili <strong>pomo\u0107nica ravnatelja CARNET-a za NKS Vlatka Mar\u010dan, ravnatelj CARNET-a Hrvoje Puljiz te zamjenik ravnatelja Ivan \u0160abi\u0107<\/strong>.<\/p>\n\n\n\n<p>Sudionike sastanka uvodno je pozdravila Clara Staicu, dr\u017eavna tajnica za europske poslove u Ministarstvu vanjskih poslova Rumunjske, koja je istaknula va\u017enost ja\u010danja otpornosti na kiberneti\u010dke prijetnje i me\u0111unarodne suradnje u podru\u010dju kiberneti\u010dke sigurnosti.<\/p>\n\n\n\n<p>Tijekom dvodnevnog sastanka raspravljalo se o klju\u010dnim strate\u0161kim i operativnim temama, uklju\u010duju\u0107i provedbu programa ECCC-a u okviru Digital Europe Programme i Obzor Europa, daljnji razvoj europske zajednice kiberneti\u010dke sigurnosti kroz platformu ATLAS te ulogu nacionalnih koordinacijskih sredi\u0161ta u ja\u010danju suradnje me\u0111u dionicima.<\/p>\n\n\n\n<p>Sudionici su tako\u0111er imali priliku \u010duti pregled trenuta\u010dnog stanja kiberneti\u010dke sigurnosti u Ukrajini, koji je predstavio Kyrylo Zaporozhets iz Dr\u017eavne slu\u017ebe za posebne komunikacije i za\u0161titu informacija Ukrajine.<\/p>\n\n\n\n<p>Sljede\u0107i sastanak Upravnog odbora ECCC-a planiran je u lipnju 2026. u Nizozemskoj, uz podr\u0161ku NCC-NL \u2013 nizozemskog Nacionalnog koordinacijskog sredi\u0161ta.<\/p>\n\n\n\n<p>Dan nakon sastanka Upravnog odbora odr\u017ean je i Network Day Mre\u017ee nacionalnih koordinacijskih sredi\u0161ta (NCC Network) u zgradi Parlamenta u Bukure\u0161tu. Predstavnici nacionalnih koordinacijskih sredi\u0161ta raspravljali su o ulozi Mre\u017ee u ja\u010danju kiberneti\u010dke sigurnosti u Europi, s naglaskom na pru\u017eanje tehni\u010dke podr\u0161ke potencijalnim prijaviteljima na pozive ECCC-a, registraciju na platformi ATLAS radi razvoja europske zajednice kiberneti\u010dke sigurnosti te o napretku radnih skupina unutar Mre\u017ee. Tom je prilikom izabrana i druga zamjenica predsjedatelja mre\u017ee \u2013 Ruta Apeikyte iz Nacionalnog centra za kiberneti\u010dku sigurnost Litve (NKSC\/CERT-LT).<\/p>\n\n\n\n<p><\/p>\n\n\n\n<figure class=\"wp-block-gallery has-nested-images columns-default is-cropped wp-block-gallery-1 is-layout-flex wp-block-gallery-is-layout-flex\">\n<figure class=\"wp-block-image size-large\"><img decoding=\"async\" width=\"1024\" height=\"660\" data-id=\"4409\" src=\"https:\/\/nks.hr\/wp-content\/uploads\/2026\/03\/GBobjava1-1024x660.jpg\" alt=\"\" class=\"wp-image-4409\" srcset=\"https:\/\/nks.hr\/wp-content\/uploads\/2026\/03\/GBobjava1-980x632.jpg 980w, https:\/\/nks.hr\/wp-content\/uploads\/2026\/03\/GBobjava1-480x310.jpg 480w\" sizes=\"(min-width: 0px) and (max-width: 480px) 480px, (min-width: 481px) and (max-width: 980px) 980px, (min-width: 981px) 1024px, 100vw\" \/><\/figure>\n\n\n\n<figure class=\"wp-block-image size-large\"><img decoding=\"async\" width=\"768\" height=\"1024\" data-id=\"4410\" src=\"https:\/\/nks.hr\/wp-content\/uploads\/2026\/03\/GBobjava2-768x1024.jpg\" alt=\"\" class=\"wp-image-4410\"\/><\/figure>\n\n\n\n<figure class=\"wp-block-image size-large\"><img decoding=\"async\" width=\"768\" height=\"1024\" data-id=\"4408\" src=\"https:\/\/nks.hr\/wp-content\/uploads\/2026\/03\/GBobjava3-768x1024.jpg\" alt=\"\" class=\"wp-image-4408\"\/><\/figure>\n<\/figure>","protected":false},"excerpt":{"rendered":"<p>U Bukure\u0161tu je 9. i 10. o\u017eujka 2026. odr\u017ean 16. sastanak Upravnog odbora Europskog stru\u010dnog centra za kiberneti\u010dku sigurnost (ECCC), na kojem su sudjelovali predstavnici dr\u017eava \u010dlanica Europske unije i [&hellip;]<\/p>","protected":false},"author":7,"featured_media":4409,"comment_status":"closed","ping_status":"closed","sticky":false,"template":"","format":"standard","meta":{"_et_pb_use_builder":"off","_et_pb_old_content":"","_et_gb_content_width":"","footnotes":""},"categories":[3],"tags":[],"dipi_cpt_category":[],"class_list":["post-4406","post","type-post","status-publish","format-standard","has-post-thumbnail","hentry","category-novosti"],"_links":{"self":[{"href":"https:\/\/nks.hr\/en\/wp-json\/wp\/v2\/posts\/4406","targetHints":{"allow":["GET"]}}],"collection":[{"href":"https:\/\/nks.hr\/en\/wp-json\/wp\/v2\/posts"}],"about":[{"href":"https:\/\/nks.hr\/en\/wp-json\/wp\/v2\/types\/post"}],"author":[{"embeddable":true,"href":"https:\/\/nks.hr\/en\/wp-json\/wp\/v2\/users\/7"}],"replies":[{"embeddable":true,"href":"https:\/\/nks.hr\/en\/wp-json\/wp\/v2\/comments?post=4406"}],"version-history":[{"count":3,"href":"https:\/\/nks.hr\/en\/wp-json\/wp\/v2\/posts\/4406\/revisions"}],"predecessor-version":[{"id":4412,"href":"https:\/\/nks.hr\/en\/wp-json\/wp\/v2\/posts\/4406\/revisions\/4412"}],"wp:featuredmedia":[{"embeddable":true,"href":"https:\/\/nks.hr\/en\/wp-json\/wp\/v2\/media\/4409"}],"wp:attachment":[{"href":"https:\/\/nks.hr\/en\/wp-json\/wp\/v2\/media?parent=4406"}],"wp:term":[{"taxonomy":"category","embeddable":true,"href":"https:\/\/nks.hr\/en\/wp-json\/wp\/v2\/categories?post=4406"},{"taxonomy":"post_tag","embeddable":true,"href":"https:\/\/nks.hr\/en\/wp-json\/wp\/v2\/tags?post=4406"},{"taxonomy":"dipi_cpt_category","embeddable":true,"href":"https:\/\/nks.hr\/en\/wp-json\/wp\/v2\/dipi_cpt_category?post=4406"}],"curies":[{"name":"wp","href":"https:\/\/api.w.org\/{rel}","templated":true}]}}