{"id":4252,"date":"2025-11-13T14:25:41","date_gmt":"2025-11-13T13:25:41","guid":{"rendered":"https:\/\/nks.hr\/?p=4252"},"modified":"2025-11-14T11:53:34","modified_gmt":"2025-11-14T10:53:34","slug":"info-dan-novi-poziv-za-projekte-u-okviru-programa-digitalna-europa-vrijedan-50-milijuna-eura","status":"publish","type":"post","link":"https:\/\/nks.hr\/en\/info-dan-novi-poziv-za-projekte-u-okviru-programa-digitalna-europa-vrijedan-50-milijuna-eura\/","title":{"rendered":"Info dan: Novi poziv za projekte u okviru programa Digitalna Europa vrijedan 50 milijuna eura"},"content":{"rendered":"<p>Pozivamo vas na Info dan koji zajedni\u010dki organiziraju NCC-HR, NCC-CY i NCC-SI uz podr\u0161ku ECCC-a u petak, 21. studenoga 2025. godine, s po\u010detkom u 13:30 sati. Tema je novi poziv za projekte u sklopu programa Digitalna Europa u vrijednosti od 50 milijuna eura, kojeg je 28. listopada 2025. objavio Europski stru\u010dni centar za kiberneti\u010dku sigurnost (ECCC).<\/p>\n\n\n\n<p>Na webinaru \u0107e biti prilike \u010duti korisne savjete kako \u0161to bolje napisati projektnu prijavu te \u0107e detaljno biti predstavljene teme poziva CYBER 09:<\/p>\n\n\n\n<ul class=\"wp-block-list\">\n<li>Kiberneti\u010dki sigurni alati, tehnologije i usluge koji se oslanjaju na <strong>umjetnu inteligenciju<\/strong>: CYBER-09-CYBERAI \u2013 15 milijuna eura<\/li>\n\n\n\n<li>Prihva\u0107anje <strong>inovativnih rje\u0161enja<\/strong> za kiberneti\u010dku sigurnost za mala i srednja poduze\u0107a: CYBER-09-UPTAKE \u2013 15 milijuna eura<\/li>\n\n\n\n<li>Koordinirano <strong>testiranje pripravnosti<\/strong> i druge akcije pripravnosti: CYBER-09-COORDPREP \u2013 10 milijuna EUR<\/li>\n\n\n\n<li>Regionalna <strong>kabelska \u010dvori\u0161ta<\/strong>: CYBER-09-CABLEHUBS \u2013 10 milijuna EUR<br><br><\/li>\n<\/ul>\n\n\n\n<p>Prijedlozi projekata se mogu podnijeti od&nbsp;28. listopada 2025. do 31. o\u017eujka 2026. u 17 sati (CET). Vi\u0161e detalja dostupno je na&nbsp;<a href=\"https:\/\/ec.europa.eu\/info\/funding-tenders\/opportunities\/portal\/screen\/opportunities\/calls-for-proposals?isExactMatch=true&amp;keywords=DIGITAL-ECCC-2025-DEPLOY-CYBER-09&amp;status=31094501,31094502,31094503&amp;order=DESC&amp;pageNumber=1&amp;pageSize=50&amp;sortBy=startDate\">Funding and tenders&nbsp;portalu<\/a>.<\/p>\n\n\n\n<p>Pozivamo sve zainteresirane da se&nbsp;<a href=\"https:\/\/www.eventora.com\/en\/Events\/InfoDayDEP9_\/Order\/278945717964\/Complete?step=0&amp;selDate=00010101&amp;exmsg=False\">prijave na doga\u0111anje<\/a>&nbsp;i sudjeluju u Info danu.<\/p>\n\n\n\n<p>Ovaj Info dan prvi je u nizu od dva doga\u0111anja. Drugi Info dan odr\u017eat \u0107e se&nbsp;<strong>1. prosinca 2025. u 13:30,<\/strong>&nbsp;sa svrhom umre\u017eavanja sudionika iz Hrvatske, Slovenije i Cipra i pronalaskom projektnih partnera.<\/p>\n\n\n\n<p>Tada \u0107e biti mogu\u0107e sudjelovati kao pitcher\/prezentator ili kao slu\u0161atelj u jednoj od \u010detiri soba prema temama poziva. Prezentatori \u0107e&nbsp;imati na raspolaganju nekoliko minuta za predstavljanje svoje organizacije i projektne ideje, dok \u0107e slu\u0161atelji mo\u0107i slobodno pratiti doga\u0111anje bez obveze prezentacije.<\/p>\n\n\n\n<p>Oba doga\u0111anja odr\u017eat \u0107e se&nbsp;<strong>na engleskom jeziku.<\/strong><\/p>\n\n\n\n<p><\/p>\n\n\n\n<figure class=\"wp-block-image size-large\"><img decoding=\"async\" width=\"1024\" height=\"731\" src=\"https:\/\/nks.hr\/wp-content\/uploads\/2025\/11\/NCC-MT-3-1024x731.jpg\" alt=\"\" class=\"wp-image-4253\" srcset=\"https:\/\/nks.hr\/wp-content\/uploads\/2025\/11\/NCC-MT-3-980x700.jpg 980w, https:\/\/nks.hr\/wp-content\/uploads\/2025\/11\/NCC-MT-3-480x343.jpg 480w\" sizes=\"(min-width: 0px) and (max-width: 480px) 480px, (min-width: 481px) and (max-width: 980px) 980px, (min-width: 981px) 1024px, 100vw\" \/><figcaption class=\"wp-element-caption\">Foto: Info dan &#8211; Digitalna Europa<\/figcaption><\/figure>","protected":false},"excerpt":{"rendered":"<p>Pozivamo vas na Info dan koji zajedni\u010dki organiziraju NCC-HR, NCC-CY i NCC-SI uz podr\u0161ku ECCC-a u petak, 21. studenoga 2025. godine, s po\u010detkom u 13:30 sati. Tema je novi poziv [&hellip;]<\/p>","protected":false},"author":7,"featured_media":4253,"comment_status":"closed","ping_status":"closed","sticky":false,"template":"","format":"standard","meta":{"_et_pb_use_builder":"off","_et_pb_old_content":"","_et_gb_content_width":"","footnotes":""},"categories":[3],"tags":[],"dipi_cpt_category":[],"class_list":["post-4252","post","type-post","status-publish","format-standard","has-post-thumbnail","hentry","category-novosti"],"_links":{"self":[{"href":"https:\/\/nks.hr\/en\/wp-json\/wp\/v2\/posts\/4252","targetHints":{"allow":["GET"]}}],"collection":[{"href":"https:\/\/nks.hr\/en\/wp-json\/wp\/v2\/posts"}],"about":[{"href":"https:\/\/nks.hr\/en\/wp-json\/wp\/v2\/types\/post"}],"author":[{"embeddable":true,"href":"https:\/\/nks.hr\/en\/wp-json\/wp\/v2\/users\/7"}],"replies":[{"embeddable":true,"href":"https:\/\/nks.hr\/en\/wp-json\/wp\/v2\/comments?post=4252"}],"version-history":[{"count":3,"href":"https:\/\/nks.hr\/en\/wp-json\/wp\/v2\/posts\/4252\/revisions"}],"predecessor-version":[{"id":4256,"href":"https:\/\/nks.hr\/en\/wp-json\/wp\/v2\/posts\/4252\/revisions\/4256"}],"wp:featuredmedia":[{"embeddable":true,"href":"https:\/\/nks.hr\/en\/wp-json\/wp\/v2\/media\/4253"}],"wp:attachment":[{"href":"https:\/\/nks.hr\/en\/wp-json\/wp\/v2\/media?parent=4252"}],"wp:term":[{"taxonomy":"category","embeddable":true,"href":"https:\/\/nks.hr\/en\/wp-json\/wp\/v2\/categories?post=4252"},{"taxonomy":"post_tag","embeddable":true,"href":"https:\/\/nks.hr\/en\/wp-json\/wp\/v2\/tags?post=4252"},{"taxonomy":"dipi_cpt_category","embeddable":true,"href":"https:\/\/nks.hr\/en\/wp-json\/wp\/v2\/dipi_cpt_category?post=4252"}],"curies":[{"name":"wp","href":"https:\/\/api.w.org\/{rel}","templated":true}]}}