{"id":4233,"date":"2025-11-10T14:01:36","date_gmt":"2025-11-10T13:01:36","guid":{"rendered":"https:\/\/nks.hr\/?p=4233"},"modified":"2025-11-10T14:01:40","modified_gmt":"2025-11-10T13:01:40","slug":"nks-ov-cybermeetup-na-sveucilistu-sjever-okupio-poduzetnike-zainteresirane-za-ulaganje-u-kiberneticku-sigurnost","status":"publish","type":"post","link":"https:\/\/nks.hr\/en\/nks-ov-cybermeetup-na-sveucilistu-sjever-okupio-poduzetnike-zainteresirane-za-ulaganje-u-kiberneticku-sigurnost\/","title":{"rendered":"NKS-ov CyberMeetUp na Sveu\u010dili\u0161tu Sjever okupio poduzetnike zainteresirane za ulaganje u kiberneti\u010dku sigurnost"},"content":{"rendered":"<p><strong>Vara\u017edin, 10. studenoga 2025.<\/strong> &#8211; Na Sveu\u010dili\u0161tu Sjever, u Sveu\u010dili\u0161nom centru Vara\u017edin, danas je odr\u017ean <strong>CyberMeetUp<\/strong> koji je okupio vi\u0161e od pedeset lokalnih poduzetnika zainteresiranih za ulaganje u kiberneti\u010dku sigurnost radi za\u0161tite svojega poslovanja. Doga\u0111anje je organiziralo <strong>CARNET-ovo Nacionalno koordinacijsko sredi\u0161te za industriju, tehnologiju i istra\u017eivanja u podru\u010dju kiberneti\u010dke sigurnosti (NKS)<\/strong> u suradnji sa <strong>Zavodom za sigurnost informacijskih sustava (ZSIS)<\/strong> i <strong>Centrom za kiberneti\u010dku sigurnost Sveu\u010dili\u0161ta Sjever<\/strong>.<\/p>\n\n\n\n<p>Rektor Sveu\u010dili\u0161ta Sjever, <strong>prof. dr. sc. Damir Vusi\u0107<\/strong>, u pozdravnom je govoru istaknuo kako je Sveu\u010dili\u0161te ponosno \u0161to mo\u017ee biti doma\u0107in doga\u0111anju koje podi\u017ee razinu znanja o va\u017enosti kiberneti\u010dke sigurnosti kao temelja digitalne stabilnosti, gospodarstva i osobne sigurnosti u suvremenom poslovnom okru\u017eenju.<\/p>\n\n\n\n<p>\u201eZahvaljujemo CARNET-u na iznimnoj suradnji, kako na ovom, tako i na nizu drugih projekata. <strong>Centar za kiberneti\u010dku sigurnost Sveu\u010dili\u0161ta Sjever<\/strong> na\u0161 je doprinos ja\u010danju suradnje izme\u0111u akademskog i gospodarskog sektora, u kojem spajamo istra\u017eivanje, edukaciju i razvoj rje\u0161enja za za\u0161titu od kiberneti\u010dkih prijetnji. Na\u0161a je misija ja\u010danje sigurnosne kulture i osna\u017eivanje stru\u010dnjaka u podru\u010dju kiberneti\u010dke sigurnosti, a upravo na tom tragu \u017eelimo educirati i na\u0161e mlade znanstvenike da se posvete radu u tom va\u017enom segmentu. Uz to, kroz Centar \u017eelimo podizati svijest o va\u017enosti kiberneti\u010dke sigurnosti putem radionica, konferencija i kampanja u kojima \u0107e sudjelovati i na\u0161i studenti, kako bi i oni stekli nova znanja\u201c, rekao je rektor Vusi\u0107.<\/p>\n\n\n\n<p>Kao jedan od va\u017enih koraka koji poduzetnicima mogu pomo\u0107i u ja\u010danju digitalne otpornosti istaknut je aktualni <strong>natje\u010daj CARNET-ova NKS-a<\/strong> za dodjelu bespovratnih sredstava za unaprje\u0111enje kiberneti\u010dke sigurnosti, vrijedan <strong>1,97 milijuna eura<\/strong>, s rokom za podno\u0161enje prijava do <strong>21. studenoga 2025.<\/strong><\/p>\n\n\n\n<p>Broj kiberneti\u010dkih incidenata kontinuirano raste, a prema posljednjem izvje\u0161\u0107u <strong>Europske agencije za kiberneti\u010dku sigurnost (ENISA)<\/strong>, od srpnja 2024. do lipnja 2025. zabilje\u017eeno je gotovo <strong>4.900 incidenata<\/strong>.<\/p>\n\n\n\n<p>Predstavljaju\u0107i klju\u010dne elemente poziva, <strong>Vlatka Mar\u010dan<\/strong>, pomo\u0107nica ravnatelja CARNET-a i voditeljica NKS-a, istaknula je:<\/p>\n\n\n\n<p>\u201eUzev\u0161i u obzir stroge europske regulatorne zahtjeve i va\u017enost digitalne otpornosti poduze\u0107a kao imperativa suvremenog poslovanja, financijska potpora dolazi u pravom trenutku. Koliko \u0107e poduzetnika u kona\u010dnici realizirati svoje projekte trenuta\u010dno je te\u0161ko procijeniti, no nadamo se da \u0107e ih <strong>vi\u0161e od 30<\/strong> biti odabrano za financiranje.\u201c<\/p>\n\n\n\n<p><strong>Voditelj Centra za kiberneti\u010dku sigurnost Sveu\u010dili\u0161ta Sjever<\/strong>, prof. dr. sc. <strong>Miroslav Ba\u010da<\/strong>, odr\u017eao je stru\u010dno predavanje <em>\u201eKreiranje otpornog digitalnog lanca: Integrirani pristup NIS2 i CRA regulativi\u201c<\/em>, dok su <strong>Marija Rusan<\/strong> i <strong>Marko Vran\u010di\u0107, <\/strong>stru\u010dnjaci iz <strong>Zavoda za sigurnost informacijskih sustava (ZSIS)<\/strong>, predstavili <em>Smjernice za provedbu samoprocjene kiberneti\u010dke sigurnosti<\/em> i <em>Pravila sigurnosne certifikacije za reviziju kiberneti\u010dke sigurnosti<\/em>, pru\u017eiv\u0161i sudionicima prakti\u010dne informacije za ja\u010danje otpornosti vlastitih organizacija.<\/p>\n\n\n\n<p>Certifikacija revizora kiberneti\u010dke sigurnosti provodi se od <strong>rujna 2025.<\/strong>, a do izdavanja prvih certifikata kriteriji i smjernice koji se navode mogu pomo\u0107i pri odabiru pru\u017eatelja usluge. Na tu je preporuku NKS posebno ukazao i u <strong>Pozivu na dostavu projektnih prijedloga \u2013 Unaprje\u0111enje kiberneti\u010dke sigurnosti MSP-ova<\/strong>.<\/p>\n\n\n\n<p>Detaljne informacije o Pozivu nalaze se na mre\u017enim stranicama <a href=\"https:\/\/nks.hr\/en\/poziv\/\">https:\/\/nks.hr\/poziv\/<\/a>.<\/p>\n\n\n\n<p><\/p>\n\n\n\n<div class=\"wp-block-group is-content-justification-left is-layout-constrained wp-container-core-group-is-layout-8c890d92 wp-block-group-is-layout-constrained\">\n<div class=\"wp-block-columns is-layout-flex wp-container-core-columns-is-layout-9d6595d7 wp-block-columns-is-layout-flex\">\n<div class=\"wp-block-column is-layout-flow wp-block-column-is-layout-flow\" style=\"flex-basis:100%\">\n<figure class=\"wp-block-gallery has-nested-images columns-2 is-cropped wp-block-gallery-1 is-layout-flex wp-block-gallery-is-layout-flex\">\n<figure class=\"wp-block-image size-full\"><img decoding=\"async\" width=\"1920\" height=\"1552\" data-id=\"4235\" src=\"https:\/\/nks.hr\/wp-content\/uploads\/2025\/11\/Rektor-Damir-Vusic-CyberMeetUP-VZ.jpg\" alt=\"\" class=\"wp-image-4235\" srcset=\"https:\/\/nks.hr\/wp-content\/uploads\/2025\/11\/Rektor-Damir-Vusic-CyberMeetUP-VZ.jpg 1920w, https:\/\/nks.hr\/wp-content\/uploads\/2025\/11\/Rektor-Damir-Vusic-CyberMeetUP-VZ-1280x1035.jpg 1280w, https:\/\/nks.hr\/wp-content\/uploads\/2025\/11\/Rektor-Damir-Vusic-CyberMeetUP-VZ-980x792.jpg 980w, https:\/\/nks.hr\/wp-content\/uploads\/2025\/11\/Rektor-Damir-Vusic-CyberMeetUP-VZ-480x388.jpg 480w\" sizes=\"(min-width: 0px) and (max-width: 480px) 480px, (min-width: 481px) and (max-width: 980px) 980px, (min-width: 981px) and (max-width: 1280px) 1280px, (min-width: 1281px) 1920px, 100vw\" \/><\/figure>\n\n\n\n<figure class=\"wp-block-image size-full\"><img decoding=\"async\" width=\"1920\" height=\"961\" data-id=\"4236\" src=\"https:\/\/nks.hr\/wp-content\/uploads\/2025\/11\/Vlatka-Marcan-CyberMeetUP-VZ.jpg\" alt=\"\" class=\"wp-image-4236\" srcset=\"https:\/\/nks.hr\/wp-content\/uploads\/2025\/11\/Vlatka-Marcan-CyberMeetUP-VZ.jpg 1920w, https:\/\/nks.hr\/wp-content\/uploads\/2025\/11\/Vlatka-Marcan-CyberMeetUP-VZ-1280x641.jpg 1280w, https:\/\/nks.hr\/wp-content\/uploads\/2025\/11\/Vlatka-Marcan-CyberMeetUP-VZ-980x491.jpg 980w, https:\/\/nks.hr\/wp-content\/uploads\/2025\/11\/Vlatka-Marcan-CyberMeetUP-VZ-480x240.jpg 480w\" sizes=\"(min-width: 0px) and (max-width: 480px) 480px, (min-width: 481px) and (max-width: 980px) 980px, (min-width: 981px) and (max-width: 1280px) 1280px, (min-width: 1281px) 1920px, 100vw\" \/><\/figure>\n\n\n\n<figure class=\"wp-block-image size-full\"><img decoding=\"async\" width=\"1000\" height=\"543\" data-id=\"4237\" src=\"https:\/\/nks.hr\/wp-content\/uploads\/2025\/11\/CyberMeetUp-VZ-prof-Baca.jpg\" alt=\"\" class=\"wp-image-4237\" srcset=\"https:\/\/nks.hr\/wp-content\/uploads\/2025\/11\/CyberMeetUp-VZ-prof-Baca.jpg 1000w, https:\/\/nks.hr\/wp-content\/uploads\/2025\/11\/CyberMeetUp-VZ-prof-Baca-980x532.jpg 980w, https:\/\/nks.hr\/wp-content\/uploads\/2025\/11\/CyberMeetUp-VZ-prof-Baca-480x261.jpg 480w\" sizes=\"(min-width: 0px) and (max-width: 480px) 480px, (min-width: 481px) and (max-width: 980px) 980px, (min-width: 981px) 1000px, 100vw\" \/><\/figure>\n\n\n\n<figure class=\"wp-block-image size-full\"><img decoding=\"async\" width=\"1920\" height=\"1226\" data-id=\"4234\" src=\"https:\/\/nks.hr\/wp-content\/uploads\/2025\/11\/Publika-VZ.jpg\" alt=\"\" class=\"wp-image-4234\" srcset=\"https:\/\/nks.hr\/wp-content\/uploads\/2025\/11\/Publika-VZ.jpg 1920w, https:\/\/nks.hr\/wp-content\/uploads\/2025\/11\/Publika-VZ-1280x817.jpg 1280w, https:\/\/nks.hr\/wp-content\/uploads\/2025\/11\/Publika-VZ-980x626.jpg 980w, https:\/\/nks.hr\/wp-content\/uploads\/2025\/11\/Publika-VZ-480x307.jpg 480w\" sizes=\"(min-width: 0px) and (max-width: 480px) 480px, (min-width: 481px) and (max-width: 980px) 980px, (min-width: 981px) and (max-width: 1280px) 1280px, (min-width: 1281px) 1920px, 100vw\" \/><\/figure>\n<figcaption class=\"blocks-gallery-caption wp-element-caption\">Foto: CyberMeetUp &#8211; Sveu\u010dili\u0161te Sjever<\/figcaption><\/figure>\n<\/div>\n<\/div>\n<\/div>","protected":false},"excerpt":{"rendered":"<p>Vara\u017edin, 10. studenoga 2025. &#8211; Na Sveu\u010dili\u0161tu Sjever, u Sveu\u010dili\u0161nom centru Vara\u017edin, danas je odr\u017ean CyberMeetUp koji je okupio vi\u0161e od pedeset lokalnih poduzetnika zainteresiranih za ulaganje u kiberneti\u010dku sigurnost [&hellip;]<\/p>","protected":false},"author":7,"featured_media":4235,"comment_status":"closed","ping_status":"closed","sticky":false,"template":"","format":"standard","meta":{"_et_pb_use_builder":"off","_et_pb_old_content":"","_et_gb_content_width":"","footnotes":""},"categories":[3],"tags":[],"dipi_cpt_category":[],"class_list":["post-4233","post","type-post","status-publish","format-standard","has-post-thumbnail","hentry","category-novosti"],"_links":{"self":[{"href":"https:\/\/nks.hr\/en\/wp-json\/wp\/v2\/posts\/4233","targetHints":{"allow":["GET"]}}],"collection":[{"href":"https:\/\/nks.hr\/en\/wp-json\/wp\/v2\/posts"}],"about":[{"href":"https:\/\/nks.hr\/en\/wp-json\/wp\/v2\/types\/post"}],"author":[{"embeddable":true,"href":"https:\/\/nks.hr\/en\/wp-json\/wp\/v2\/users\/7"}],"replies":[{"embeddable":true,"href":"https:\/\/nks.hr\/en\/wp-json\/wp\/v2\/comments?post=4233"}],"version-history":[{"count":4,"href":"https:\/\/nks.hr\/en\/wp-json\/wp\/v2\/posts\/4233\/revisions"}],"predecessor-version":[{"id":4241,"href":"https:\/\/nks.hr\/en\/wp-json\/wp\/v2\/posts\/4233\/revisions\/4241"}],"wp:featuredmedia":[{"embeddable":true,"href":"https:\/\/nks.hr\/en\/wp-json\/wp\/v2\/media\/4235"}],"wp:attachment":[{"href":"https:\/\/nks.hr\/en\/wp-json\/wp\/v2\/media?parent=4233"}],"wp:term":[{"taxonomy":"category","embeddable":true,"href":"https:\/\/nks.hr\/en\/wp-json\/wp\/v2\/categories?post=4233"},{"taxonomy":"post_tag","embeddable":true,"href":"https:\/\/nks.hr\/en\/wp-json\/wp\/v2\/tags?post=4233"},{"taxonomy":"dipi_cpt_category","embeddable":true,"href":"https:\/\/nks.hr\/en\/wp-json\/wp\/v2\/dipi_cpt_category?post=4233"}],"curies":[{"name":"wp","href":"https:\/\/api.w.org\/{rel}","templated":true}]}}