{"id":3514,"date":"2025-07-04T14:39:29","date_gmt":"2025-07-04T12:39:29","guid":{"rendered":"https:\/\/nks.hr\/?p=3514"},"modified":"2025-07-04T14:39:30","modified_gmt":"2025-07-04T12:39:30","slug":"u-rimu-odrzan-sastanak-upravljackog-odbora-eccc-a-i-ncc-network-day","status":"publish","type":"post","link":"https:\/\/nks.hr\/en\/u-rimu-odrzan-sastanak-upravljackog-odbora-eccc-a-i-ncc-network-day\/","title":{"rendered":"U Rimu odr\u017ean sastanak upravlja\u010dkog odbora ECCC-a i NCC Network Day"},"content":{"rendered":"<p>Od 30. lipnja do 3. srpnja 2025. u Rimu je odr\u017ean susret europskih nacionalnih koordinacijskih sredi\u0161ta, u organizaciji Talijanske nacionalne agencije za kiberneti\u010dku sigurnost, Agencije Europske unije za kiberneti\u010dku sigurnost (ENISA) i Europskog centra za kompetencije u podru\u010dju kiberneti\u010dke sigurnosti (ECCC).<\/p>\n\n\n\n<p>U sklopu programa odr\u017ean je i 13. sastanak Upravnog odbora ECCC-a, na kojem su sudjelovali predstavnici Hrvatske akademske i istra\u017eiva\u010dke mre\u017ee \u2013 CARNET: ravnatelj Hrvoje Puljiz, zamjenik ravnatelja Ivan \u0160abi\u0107 te pomo\u0107nica ravnatelja za Nacionalno koordinacijsko sredi\u0161te (NKS) Vlatka Mar\u010dan.<\/p>\n\n\n\n<p>\u010clanovi Odbora tom su prilikom ugostili predstavnike Nacionalnog koordinacijskog centra za kiberneti\u010dku sigurnost pri Vije\u0107u za nacionalnu sigurnost i obranu Ukrajine te Dr\u017eavne slu\u017ebe za specijalne komunikacije i za\u0161titu informacija Ukrajine. Ukrajinski predstavnici podijelili su svoja iskustva i glavne&nbsp;pouke ste\u010dene tijekom posljednje tri godine. Upravni odbor jo\u0161 je jednom izrazio punu podr\u0161ku Ukrajini te istaknuo va\u017enost nastavka dijaloga i suradnje.<\/p>\n\n\n\n<p>Tijekom sastanka razgovaralo se i o aktualnim temama vezanim uz upravljanje ECCC-om, uklju\u010duju\u0107i:<\/p>\n\n\n\n<ul class=\"wp-block-list\">\n<li>provedbu projekata iz podru\u010dja kiberneti\u010dke sigurnosti koje sufinancira ECCC<\/li>\n<\/ul>\n\n\n\n<ul class=\"wp-block-list\">\n<li>izgradnju kiberneti\u010dke zajednice i uspostavu Strate\u0161ke savjetodavne skupine<\/li>\n<\/ul>\n\n\n\n<ul class=\"wp-block-list\">\n<li>godi\u0161nje financijsko izvje\u0161\u0107e i rezultate po\u010detnih revizija<\/li>\n<\/ul>\n\n\n\n<ul class=\"wp-block-list\">\n<li>strate\u0161ki razvoj i budu\u0107e djelovanje ECCC-a nakon 2027. godine<\/li>\n<\/ul>\n\n\n\n<p>Uz sastanak Odbora, odr\u017ean je i Dan nacionalnih koordinacijskih sredi\u0161ta (NCC Network Day), koji je okupio predstavnike nacionalnih sredi\u0161ta iz cijele Europe. CARNET-ov NKS predstavljale su Vlatka Mar\u010dan i Antonija Mati\u0107.<\/p>\n\n\n\n<p>Rasprave su bile usmjerene na provedbu projekata iz podru\u010dja kiberneti\u010dke sigurnosti u okviru programa Digitalna Europa,&nbsp;ja\u010danje suradnje i anga\u017emana me\u0111u dr\u017eavama \u010dlanicama Europske unije te na daljnje korake u izgradnji sna\u017ene i povezane europske kiberneti\u010dke zajednice.<\/p>\n\n\n\n<figure class=\"wp-block-gallery has-nested-images columns-4 is-cropped wp-block-gallery-1 is-layout-flex wp-block-gallery-is-layout-flex\">\n<figure class=\"wp-block-image size-full\"><img decoding=\"async\" width=\"800\" height=\"569\" data-id=\"3516\" src=\"https:\/\/nks.hr\/wp-content\/uploads\/2025\/07\/1.-Skupna-Board-ECCC-Rim.jpg\" alt=\"\" class=\"wp-image-3516\" srcset=\"https:\/\/nks.hr\/wp-content\/uploads\/2025\/07\/1.-Skupna-Board-ECCC-Rim.jpg 800w, https:\/\/nks.hr\/wp-content\/uploads\/2025\/07\/1.-Skupna-Board-ECCC-Rim-480x341.jpg 480w\" sizes=\"(min-width: 0px) and (max-width: 480px) 480px, (min-width: 481px) 800px, 100vw\" \/><\/figure>\n\n\n\n<figure class=\"wp-block-image size-large\"><img decoding=\"async\" width=\"768\" height=\"1024\" data-id=\"3517\" src=\"https:\/\/nks.hr\/wp-content\/uploads\/2025\/07\/2.-Ravnateljzamjenik-RIM-768x1024.jpg\" alt=\"\" class=\"wp-image-3517\" srcset=\"https:\/\/nks.hr\/wp-content\/uploads\/2025\/07\/2.-Ravnateljzamjenik-RIM-768x1024.jpg 768w, https:\/\/nks.hr\/wp-content\/uploads\/2025\/07\/2.-Ravnateljzamjenik-RIM-480x640.jpg 480w\" sizes=\"(min-width: 0px) and (max-width: 480px) 480px, (min-width: 481px) 768px, 100vw\" \/><\/figure>\n\n\n\n<figure class=\"wp-block-image size-large\"><img decoding=\"async\" width=\"1024\" height=\"597\" data-id=\"3518\" src=\"https:\/\/nks.hr\/wp-content\/uploads\/2025\/07\/3.-NCC-Day-skupna-1024x597.jpg\" alt=\"\" class=\"wp-image-3518\" srcset=\"https:\/\/nks.hr\/wp-content\/uploads\/2025\/07\/3.-NCC-Day-skupna-980x571.jpg 980w, https:\/\/nks.hr\/wp-content\/uploads\/2025\/07\/3.-NCC-Day-skupna-480x280.jpg 480w\" sizes=\"(min-width: 0px) and (max-width: 480px) 480px, (min-width: 481px) and (max-width: 980px) 980px, (min-width: 981px) 1024px, 100vw\" \/><\/figure>\n\n\n\n<figure class=\"wp-block-image size-large\"><img decoding=\"async\" width=\"768\" height=\"1024\" data-id=\"3519\" src=\"https:\/\/nks.hr\/wp-content\/uploads\/2025\/07\/4.-VlatkaAntonija-NCC-Day-768x1024.jpg\" alt=\"\" class=\"wp-image-3519\"\/><\/figure>\n<\/figure>\n\n\n\n<p><\/p>","protected":false},"excerpt":{"rendered":"<p>Od 30. lipnja do 3. srpnja 2025. u Rimu je odr\u017ean susret europskih nacionalnih koordinacijskih sredi\u0161ta, u organizaciji Talijanske nacionalne agencije za kiberneti\u010dku sigurnost, Agencije Europske unije za kiberneti\u010dku sigurnost [&hellip;]<\/p>","protected":false},"author":7,"featured_media":3516,"comment_status":"closed","ping_status":"closed","sticky":false,"template":"","format":"standard","meta":{"_et_pb_use_builder":"off","_et_pb_old_content":"","_et_gb_content_width":"","footnotes":""},"categories":[3],"tags":[],"dipi_cpt_category":[],"class_list":["post-3514","post","type-post","status-publish","format-standard","has-post-thumbnail","hentry","category-novosti"],"_links":{"self":[{"href":"https:\/\/nks.hr\/en\/wp-json\/wp\/v2\/posts\/3514","targetHints":{"allow":["GET"]}}],"collection":[{"href":"https:\/\/nks.hr\/en\/wp-json\/wp\/v2\/posts"}],"about":[{"href":"https:\/\/nks.hr\/en\/wp-json\/wp\/v2\/types\/post"}],"author":[{"embeddable":true,"href":"https:\/\/nks.hr\/en\/wp-json\/wp\/v2\/users\/7"}],"replies":[{"embeddable":true,"href":"https:\/\/nks.hr\/en\/wp-json\/wp\/v2\/comments?post=3514"}],"version-history":[{"count":4,"href":"https:\/\/nks.hr\/en\/wp-json\/wp\/v2\/posts\/3514\/revisions"}],"predecessor-version":[{"id":3522,"href":"https:\/\/nks.hr\/en\/wp-json\/wp\/v2\/posts\/3514\/revisions\/3522"}],"wp:featuredmedia":[{"embeddable":true,"href":"https:\/\/nks.hr\/en\/wp-json\/wp\/v2\/media\/3516"}],"wp:attachment":[{"href":"https:\/\/nks.hr\/en\/wp-json\/wp\/v2\/media?parent=3514"}],"wp:term":[{"taxonomy":"category","embeddable":true,"href":"https:\/\/nks.hr\/en\/wp-json\/wp\/v2\/categories?post=3514"},{"taxonomy":"post_tag","embeddable":true,"href":"https:\/\/nks.hr\/en\/wp-json\/wp\/v2\/tags?post=3514"},{"taxonomy":"dipi_cpt_category","embeddable":true,"href":"https:\/\/nks.hr\/en\/wp-json\/wp\/v2\/dipi_cpt_category?post=3514"}],"curies":[{"name":"wp","href":"https:\/\/api.w.org\/{rel}","templated":true}]}}