{"id":3198,"date":"2025-04-09T14:55:59","date_gmt":"2025-04-09T12:55:59","guid":{"rendered":"https:\/\/nks.hr\/?p=3198"},"modified":"2025-04-09T14:56:00","modified_gmt":"2025-04-09T12:56:00","slug":"u-varsavi-odrzan-sastanak-upravljackog-odbora-eccc-a","status":"publish","type":"post","link":"https:\/\/nks.hr\/en\/u-varsavi-odrzan-sastanak-upravljackog-odbora-eccc-a\/","title":{"rendered":"U Var\u0161avi odr\u017ean sastanak Upravlja\u010dkog odbora ECCC-a"},"content":{"rendered":"<p>Na 12. sastanku Upravnog odbora Europskog centra za kompetencije u podru\u010dju kiberneti\u010dke sigurnosti i mre\u017ea (ECCC), odr\u017eanom 8. i 9. travnja 2025. u Var\u0161avi, sudjelovali su i predstavnici Hrvatske akademske i istra\u017eiva\u010dke mre\u017ee \u2013 CARNET: Hrvoje Puljiz, ravnatelj, Ivan \u0160abi\u0107, zamjenik ravnatelja i Vlatka Mar\u010dan,&nbsp;pomo\u0107nica ravnatelja za Nacionalno koordinacijsko sredi\u0161te (NKS).<\/p>\n\n\n\n<p>Sastanak, koji je organizirao NCC-PL | Nacionalni koordinacijski centar \u2013 Poljska u okviru poljskog predsjedanja Vije\u0107em Europske unije, zapo\u010deo je zajedni\u010dkom sesijom Upravnog odbora ECCC-a i Agencije Europske unije za kiberneti\u010dku sigurnost (ENISA), s fokusom na uskla\u0111ivanje mandata i odgovornosti ovih dviju klju\u010dnih institucija.<\/p>\n\n\n\n<p>Predstavnici CARNET-a aktivno su sudjelovali u raspravama, s posebnim naglaskom na razvoj vje\u0161tina i ja\u010danje radne snage u podru\u010dju kiberneti\u010dke sigurnosti, koordinaciju u vezi sa zakonodavnim okvirom (Zakon o kiberneti\u010dkoj sigurnosti), bolju koordinaciju aktivnosti unutar mre\u017ee europskih cyber hubova.&nbsp;<\/p>\n\n\n\n<p>Tijekom drugog dana sastanka, raspravljalo se o strate\u0161kim prioritetima ECCC-a, projektima za pove\u0107anje otpornosti mikro, malih i srednjih poduze\u0107a (MSP) te Europskom natjecanju u kiberneti\u010dkoj sigurnosti.<\/p>\n\n\n\n<p>Sudjelovanje hrvatskih predstavnika doprinijelo je definiranju zajedni\u010dkih smjernica unutar inicijative \u201eTeam Cyber for EU\u201c, osobito u segmentima ljudskih kapaciteta, obrazovanja, umre\u017eavanja stru\u010dnjaka iz podru\u010dja kiberneti\u010dke sigurnosti.<\/p>\n\n\n\n<p>Dan ranije, 7. travnja, NKS je sudjelovao i na NCCDay, gdje su glavne teme bile provedba projekata unutar programa Digitalna Europa i Obzor Europa, ja\u010danje suradnje izme\u0111u NCC-ova, ECCC-a i drugih dionika i registracija \u010dlanova zajednice.&nbsp;<\/p>\n\n\n\n<p><\/p>\n\n\n\n<p><\/p>\n\n\n\n<p><\/p>\n\n\n\n<figure class=\"wp-block-gallery has-nested-images columns-default is-cropped wp-block-gallery-1 is-layout-flex wp-block-gallery-is-layout-flex\">\n<figure class=\"wp-block-image size-large\"><img decoding=\"async\" width=\"1024\" height=\"768\" data-id=\"3202\" src=\"https:\/\/nks.hr\/wp-content\/uploads\/2025\/04\/Photo-2-PVS-1024x768.jpg\" alt=\"\" class=\"wp-image-3202\" srcset=\"https:\/\/nks.hr\/wp-content\/uploads\/2025\/04\/Photo-2-PVS-1024x768.jpg 1024w, https:\/\/nks.hr\/wp-content\/uploads\/2025\/04\/Photo-2-PVS-980x735.jpg 980w, https:\/\/nks.hr\/wp-content\/uploads\/2025\/04\/Photo-2-PVS-480x360.jpg 480w\" sizes=\"(min-width: 0px) and (max-width: 480px) 480px, (min-width: 481px) and (max-width: 980px) 980px, (min-width: 981px) 1024px, 100vw\" \/><\/figure>\n\n\n\n<figure class=\"wp-block-image size-large\"><img decoding=\"async\" width=\"799\" height=\"533\" data-id=\"3199\" src=\"https:\/\/nks.hr\/wp-content\/uploads\/2025\/04\/ECCC-Enisa.jpg\" alt=\"\" class=\"wp-image-3199\" srcset=\"https:\/\/nks.hr\/wp-content\/uploads\/2025\/04\/ECCC-Enisa.jpg 799w, https:\/\/nks.hr\/wp-content\/uploads\/2025\/04\/ECCC-Enisa-480x320.jpg 480w\" sizes=\"(min-width: 0px) and (max-width: 480px) 480px, (min-width: 481px) 799px, 100vw\" \/><\/figure>\n\n\n\n<figure class=\"wp-block-image size-large\"><img decoding=\"async\" width=\"1024\" height=\"576\" data-id=\"3200\" src=\"https:\/\/nks.hr\/wp-content\/uploads\/2025\/04\/NCCday-2025-1024x576.jpg\" alt=\"\" class=\"wp-image-3200\" srcset=\"https:\/\/nks.hr\/wp-content\/uploads\/2025\/04\/NCCday-2025-980x551.jpg 980w, https:\/\/nks.hr\/wp-content\/uploads\/2025\/04\/NCCday-2025-480x270.jpg 480w\" sizes=\"(min-width: 0px) and (max-width: 480px) 480px, (min-width: 481px) and (max-width: 980px) 980px, (min-width: 981px) 1024px, 100vw\" \/><\/figure>\n\n\n\n<figure class=\"wp-block-image size-large\"><img decoding=\"async\" width=\"1024\" height=\"683\" data-id=\"3201\" src=\"https:\/\/nks.hr\/wp-content\/uploads\/2025\/04\/Radna-VM-1024x683.jpg\" alt=\"\" class=\"wp-image-3201\" srcset=\"https:\/\/nks.hr\/wp-content\/uploads\/2025\/04\/Radna-VM-980x653.jpg 980w, https:\/\/nks.hr\/wp-content\/uploads\/2025\/04\/Radna-VM-480x320.jpg 480w\" sizes=\"(min-width: 0px) and (max-width: 480px) 480px, (min-width: 481px) and (max-width: 980px) 980px, (min-width: 981px) 1024px, 100vw\" \/><\/figure>\n<\/figure>","protected":false},"excerpt":{"rendered":"<p>Na 12. sastanku Upravnog odbora Europskog centra za kompetencije u podru\u010dju kiberneti\u010dke sigurnosti i mre\u017ea (ECCC), odr\u017eanom 8. i 9. travnja 2025. u Var\u0161avi, sudjelovali su i predstavnici Hrvatske akademske [&hellip;]<\/p>","protected":false},"author":7,"featured_media":3200,"comment_status":"closed","ping_status":"closed","sticky":false,"template":"","format":"standard","meta":{"_et_pb_use_builder":"off","_et_pb_old_content":"","_et_gb_content_width":"","footnotes":""},"categories":[3],"tags":[],"dipi_cpt_category":[],"class_list":["post-3198","post","type-post","status-publish","format-standard","has-post-thumbnail","hentry","category-novosti"],"_links":{"self":[{"href":"https:\/\/nks.hr\/en\/wp-json\/wp\/v2\/posts\/3198","targetHints":{"allow":["GET"]}}],"collection":[{"href":"https:\/\/nks.hr\/en\/wp-json\/wp\/v2\/posts"}],"about":[{"href":"https:\/\/nks.hr\/en\/wp-json\/wp\/v2\/types\/post"}],"author":[{"embeddable":true,"href":"https:\/\/nks.hr\/en\/wp-json\/wp\/v2\/users\/7"}],"replies":[{"embeddable":true,"href":"https:\/\/nks.hr\/en\/wp-json\/wp\/v2\/comments?post=3198"}],"version-history":[{"count":2,"href":"https:\/\/nks.hr\/en\/wp-json\/wp\/v2\/posts\/3198\/revisions"}],"predecessor-version":[{"id":3204,"href":"https:\/\/nks.hr\/en\/wp-json\/wp\/v2\/posts\/3198\/revisions\/3204"}],"wp:featuredmedia":[{"embeddable":true,"href":"https:\/\/nks.hr\/en\/wp-json\/wp\/v2\/media\/3200"}],"wp:attachment":[{"href":"https:\/\/nks.hr\/en\/wp-json\/wp\/v2\/media?parent=3198"}],"wp:term":[{"taxonomy":"category","embeddable":true,"href":"https:\/\/nks.hr\/en\/wp-json\/wp\/v2\/categories?post=3198"},{"taxonomy":"post_tag","embeddable":true,"href":"https:\/\/nks.hr\/en\/wp-json\/wp\/v2\/tags?post=3198"},{"taxonomy":"dipi_cpt_category","embeddable":true,"href":"https:\/\/nks.hr\/en\/wp-json\/wp\/v2\/dipi_cpt_category?post=3198"}],"curies":[{"name":"wp","href":"https:\/\/api.w.org\/{rel}","templated":true}]}}