{"id":3393,"global_id":"nks.hr\/en?id=3393","global_id_lineage":["nks.hr\/en?id=3393"],"author":"7","status":"publish","date":"2025-06-05 14:55:30","date_utc":"2025-06-05 12:55:30","modified":"2025-06-05 14:55:30","modified_utc":"2025-06-05 12:55:30","url":"https:\/\/nks.hr\/en\/event\/obzor-europa-informativni-dan-ek-za-klaster-3-civilna-sigurnost-za-drustvo-bruxelles-i-online\/","rest_url":"https:\/\/nks.hr\/en\/wp-json\/tribe\/events\/v1\/events\/3393","title":"Obzor Europa: Informativni dan EK za Klaster 3 Civilna sigurnost za dru\u0161tvo, Bruxelles i online","description":"<div>\n<div class=\"elementToProof\">Tijekom Informativnog dana bit \u0107e predstavljen pregled poziva u okviru Klastera 3 programa Obzor Europa za 2025., s fokusom na otpornost na katastrofe, borbu protiv kriminala i terorizma, upravljanje granicama, kiberneti\u010dku sigurnost i za\u0161titu infrastrukture.<br \/>\nSudionici \u0107e dobiti prakti\u010dne informacije o prijavi te priliku za umre\u017eavanje i izgradnju konzorcija za budu\u0107e projekte.<br \/>\nDoga\u0111aj organizira mre\u017ea nacionalnih kontakt osoba za podru\u010dje sigurnosti \u2013 SEREN5, u suradnji s Glavnim ravnateljstvom Europske komisije za migracije i unutarnje poslove te Izvr\u0161nom agencijom za europska istra\u017eivanja.<\/div>\n<\/div>","excerpt":"","slug":"obzor-europa-informativni-dan-ek-za-klaster-3-civilna-sigurnost-za-drustvo-bruxelles-i-online","image":{"url":"https:\/\/nks.hr\/wp-content\/uploads\/2025\/06\/event2.jpg","id":3394,"extension":"jpg","width":770,"height":500,"filesize":70870,"sizes":{"medium":{"width":300,"height":195,"mime-type":"image\/jpeg","filesize":9735,"url":"https:\/\/nks.hr\/wp-content\/uploads\/2025\/06\/event2-300x195.jpg"},"thumbnail":{"width":150,"height":150,"mime-type":"image\/jpeg","filesize":4092,"url":"https:\/\/nks.hr\/wp-content\/uploads\/2025\/06\/event2-150x150.jpg"},"medium_large":{"width":768,"height":499,"mime-type":"image\/jpeg","filesize":35213,"url":"https:\/\/nks.hr\/wp-content\/uploads\/2025\/06\/event2-768x499.jpg"},"trp-custom-language-flag":{"width":18,"height":12,"mime-type":"image\/jpeg","filesize":407,"url":"https:\/\/nks.hr\/wp-content\/uploads\/2025\/06\/event2-18x12.jpg"},"et-pb-post-main-image":{"width":400,"height":250,"mime-type":"image\/jpeg","filesize":14298,"url":"https:\/\/nks.hr\/wp-content\/uploads\/2025\/06\/event2-400x250.jpg"},"et-pb-portfolio-image":{"width":400,"height":284,"mime-type":"image\/jpeg","filesize":15499,"url":"https:\/\/nks.hr\/wp-content\/uploads\/2025\/06\/event2-400x284.jpg"},"et-pb-portfolio-module-image":{"width":510,"height":382,"mime-type":"image\/jpeg","filesize":21469,"url":"https:\/\/nks.hr\/wp-content\/uploads\/2025\/06\/event2-510x382.jpg"},"et-pb-gallery-module-image-portrait":{"width":400,"height":500,"mime-type":"image\/jpeg","filesize":17316,"url":"https:\/\/nks.hr\/wp-content\/uploads\/2025\/06\/event2-400x500.jpg"},"et-pb-image--responsive--phone":{"width":480,"height":312,"mime-type":"image\/jpeg","filesize":18806,"url":"https:\/\/nks.hr\/wp-content\/uploads\/2025\/06\/event2-480x312.jpg"}}},"all_day":true,"start_date":"2025-06-11 00:00:00","start_date_details":{"year":"2025","month":"06","day":"11","hour":"00","minutes":"00","seconds":"00"},"end_date":"2025-06-12 23:59:59","end_date_details":{"year":"2025","month":"06","day":"12","hour":"23","minutes":"59","seconds":"59"},"utc_start_date":"2025-06-10 22:00:00","utc_start_date_details":{"year":"2025","month":"06","day":"10","hour":"22","minutes":"00","seconds":"00"},"utc_end_date":"2025-06-12 21:59:59","utc_end_date_details":{"year":"2025","month":"06","day":"12","hour":"21","minutes":"59","seconds":"59"},"timezone":"Europe\/Zagreb","timezone_abbr":"CEST","cost":"","cost_details":{"currency_symbol":"$","currency_code":"USD","currency_position":"prefix","values":[]},"website":"https:\/\/home-affairs.ec.europa.eu\/whats-new\/events\/cluster-3-civil-security-society-info-day-and-brokerage-event-2025-06-11_en","show_map":true,"show_map_link":true,"hide_from_listings":false,"sticky":false,"featured":false,"categories":[{"name":"IT stru\u010dnjaci","slug":"it-strucnjaci","term_group":0,"term_taxonomy_id":17,"taxonomy":"tribe_events_cat","description":"","parent":0,"count":62,"filter":"raw","id":17,"urls":{"self":"https:\/\/nks.hr\/en\/wp-json\/tribe\/events\/v1\/categories\/17","collection":"https:\/\/nks.hr\/en\/wp-json\/tribe\/events\/v1\/categories"}},{"name":"Javna tijela","slug":"javna-tijela","term_group":0,"term_taxonomy_id":16,"taxonomy":"tribe_events_cat","description":"","parent":0,"count":57,"filter":"raw","id":16,"urls":{"self":"https:\/\/nks.hr\/en\/wp-json\/tribe\/events\/v1\/categories\/16","collection":"https:\/\/nks.hr\/en\/wp-json\/tribe\/events\/v1\/categories"}},{"name":"Mali i srednji poduzetnici","slug":"poduzetnici","term_group":0,"term_taxonomy_id":15,"taxonomy":"tribe_events_cat","description":"","parent":0,"count":63,"filter":"raw","id":15,"urls":{"self":"https:\/\/nks.hr\/en\/wp-json\/tribe\/events\/v1\/categories\/15","collection":"https:\/\/nks.hr\/en\/wp-json\/tribe\/events\/v1\/categories"}}],"tags":[],"venue":[],"organizer":[],"custom_fields":[],"json_ld":{"@context":"http:\/\/schema.org","@type":"Event","name":"Obzor Europa: Informativni dan EK za Klaster 3 Civilna sigurnost za dru\u0161tvo, Bruxelles i online","description":"&lt;p&gt;Tijekom Informativnog dana bit \u0107e predstavljen pregled poziva u okviru Klastera 3 programa Obzor Europa za 2025., s fokusom na otpornost na katastrofe, borbu protiv kriminala i terorizma, upravljanje granicama, [&hellip;]&lt;\/p&gt;\\n","image":"https:\/\/nks.hr\/wp-content\/uploads\/2025\/06\/event2.jpg","url":"https:\/\/nks.hr\/en\/event\/obzor-europa-informativni-dan-ek-za-klaster-3-civilna-sigurnost-za-drustvo-bruxelles-i-online\/","eventAttendanceMode":"https:\/\/schema.org\/OfflineEventAttendanceMode","eventStatus":"https:\/\/schema.org\/EventScheduled","startDate":"2025-06-11T00:00:00+02:00","endDate":"2025-06-12T23:59:59+02:00","performer":"Organization"}}